{"id":1684,"date":"2016-03-08T23:23:04","date_gmt":"2016-03-08T21:23:04","guid":{"rendered":"https:\/\/www.ledclusive.de\/blog\/?p=1684"},"modified":"2025-05-07T09:22:41","modified_gmt":"2025-05-07T07:22:41","slug":"tech-mail-maerz-2016-light-building","status":"publish","type":"post","link":"https:\/\/www.LEDclusive.de\/blog\/tech-mail-maerz-2016-light-building\/","title":{"rendered":"Tech-Mail M\u00e4rz 2016 &#8211; Bericht ETP2016 und LEDclusive.de auf L&#038;B"},"content":{"rendered":"<table style=\"height: 8452px; width: 100%;\" width=\"550\" cellspacing=\"0\" cellpadding=\"0\">\n<tbody>\n<tr style=\"height: 1235px;\">\n<td style=\"height: 1235px;\" colspan=\"5\" bgcolor=\"#d7e397\">\n<table style=\"height: 800px;\" width=\"537\" cellspacing=\"0\" cellpadding=\"0\">\n<tbody>\n<tr>\n<td style=\"padding: 10px 21px 13px 25px;\" colspan=\"2\">\n<h2><span style=\"font-size: 16px;\"><span style=\"font-family: verdana;\">Schon mal nachgedacht, wie komplex Stra\u00dfenleuchten und deren Betrieb ist? Wir berichten von unserer Teilnahme am 15. ETP Congress f\u00fcr Stra\u00dfenbeleuchtung vom 23.2. &#8211; 25.2.16 in M\u00fcnchen.<\/span><\/span><\/h2>\n<\/td>\n<\/tr>\n<tr>\n<td style=\"padding: 13px 21px 13px 25px; vertical-align: baseline;\" colspan=\"2\"><span style=\"font-family: verdana;\">Allj\u00e4hrlich treffen sich \u00fcber den Veranstalter <a href=\"http:\/\/www.euroforum.de\/strassenbeleuchtung\/\" target=\"_blank\" rel=\"nofollow noopener noreferrer\" data-slimstat-type=\"0\" data-slimstat-tracking=\"true\" data-slimstat-clicked=\"false\" data-slimstat-callback=\"false\" data-slimstat-async=\"true\">EUROFORUM<\/a> ausgew\u00e4hlte Experten und Betreiber vorwiegend aus D, A, CH zum Thema Stra\u00dfenbeleuchtung.<br \/>\nWer glaubt Stra\u00dfenleuchten sind doch nur die hochh\u00e4ngenden \u201eFunzeln\u201c und &#8222;ja hab schon geh\u00f6rt, da wird jetzt durch LED-Technik nun auch kr\u00e4ftig Energie gespart&#8220;, hat nicht die entfernteste Ahnung welche Komplexit\u00e4t dahinter steckt. Und das ist mit Einf\u00fchrung der LED und den damit neuen verbundenen M\u00f6glichkeiten nicht einfacher geworden. Aber nicht nur das.<\/span><\/td>\n<\/tr>\n<tr>\n<td style=\"padding: 13px 21px 13px 25px; vertical-align: baseline;\" colspan=\"2\">\n<p style=\"text-align: center;\"><img decoding=\"async\" style=\"width: 471px; height: 314px;\" src=\"https:\/\/www.ledclusive.de\/vt\/\/test\/upload\/images\/ETP Kongress Strassenbeleuchtung.jpg\" alt=\"LEDclusive im Gespr\u00e4ch mit Experten zum Thema TM-30\" \/><\/p>\n<\/td>\n<\/tr>\n<tr>\n<td style=\"padding: 13px 21px 13px 25px; vertical-align: top; width: 100px; text-align: justify;\" colspan=\"2\"><span style=\"font-family: verdana;\">Nachstehend eine Themen\u00fcbersicht, in der wir in vier Beitr\u00e4gen auf unserem Blog jeweilig zusammenfassend von diesen drei Tagen berichten. <\/span><br \/>\n<span style=\"font-family: verdana;\">Wir w\u00fcnschen viel Interesse beim Lesen.<\/span><\/p>\n<ul>\n<li><span style=\"font-family: verdana;\"><a href=\"https:\/\/www.ledclusive.de\/blog\/etp-kongress-strassenbeleuchtung-rueckblick\/\" data-slimstat-type=\"2\" data-slimstat-tracking=\"false\" data-slimstat-clicked=\"false\" data-slimstat-callback=\"false\" data-slimstat-async=\"false\">Teil1: ETP2016-1v4: Kongress Stra\u00dfenbeleuchtung \u2013 R\u00fcckblick<\/a><\/span><\/li>\n<li><span style=\"font-family: verdana;\"><a href=\"https:\/\/www.ledclusive.de\/blog\/betreiber-von-strassenbeleuchtung-hat-es-nicht-leicht\/\" data-slimstat-type=\"2\" data-slimstat-tracking=\"false\" data-slimstat-clicked=\"false\" data-slimstat-callback=\"false\" data-slimstat-async=\"false\">Teil2: ETP2016-2v4: So ein Betreiber von Stra\u00dfenbeleuchtung hat es auch nicht leicht<\/a><\/span><\/li>\n<li><span style=\"font-family: verdana;\"><a href=\"https:\/\/www.ledclusive.de\/blog\/etp-2016-strassenleuchtenhersteller-sind-gefordert\/\" data-slimstat-type=\"2\" data-slimstat-tracking=\"false\" data-slimstat-clicked=\"false\" data-slimstat-callback=\"false\" data-slimstat-async=\"false\">Teil3: ETP2016-3v4: Auch die Hersteller von Stra\u00dfenbeleuchtung sind noch gefordert<\/a><\/span><\/li>\n<li><span style=\"font-family: verdana;\"><a href=\"https:\/\/www.ledclusive.de\/blog\/etp2016-smart-city\/\" data-slimstat-type=\"2\" data-slimstat-tracking=\"false\" data-slimstat-clicked=\"false\" data-slimstat-callback=\"false\" data-slimstat-async=\"false\">Teil4: ETP2016-4v4: Und was \u00fcberhaupt ist Smart-City<\/a><\/span><\/li>\n<\/ul>\n<\/td>\n<\/tr>\n<\/tbody>\n<\/table>\n<\/td>\n<\/tr>\n<tr style=\"height: 47px;\">\n<td style=\"height: 47px;\" colspan=\"5\" height=\"25\"><\/td>\n<\/tr>\n<tr style=\"height: 1361px;\">\n<td style=\"padding: 0px 25px; height: 1361px;\" colspan=\"5\" align=\"left\"><span style=\"font-family: verdana;\">Eine Mail mit Einladung zum Besuch des jeweiligen Messestandes auf der Weltleitmesse Light&amp;Building in Frankfurt haben Sie bestimmt mehrfach erhalten. <\/span><br \/>\n<span style=\"font-family: verdana;\">Nat\u00fcrlich m\u00f6chten auch wir Sie hiermit herzlich dazu einladen.<\/span><span style=\"font-family: verdana;\"><img decoding=\"async\" style=\"width: 492px; height: 258px;\" src=\"https:\/\/www.ledclusive.de\/vt\/\/test\/upload\/images\/Speeches-Asensetek-LuB.png\" alt=\"Speech of Asensetek Light&amp;Building mit LEDclusive.de\" \/><\/span>Und vielleicht bringen Sie etwas Zeit mit. LEDclusive.de wird den Stand der Fa. Asensetek tatkr\u00e4ftig unterst\u00fctzen. Denn dort gibt es neben innovativer Lichtmesstechnik auch <strong>interessante Fachvortr\u00e4ge<\/strong> und genau dazu wollen wir insbesondere einladen.<br \/>\nDie Termine und Inhalte finden Sie weiter unten in dieser Mail detailliert gelistet.<\/p>\n<h3><span style=\"font-family: verdana;\">Nun zur Inhalts\u00fcbersicht dieser Tech-Mail: <\/span><\/h3>\n<h3><span style=\"font-family: verdana;\">F\u00fcr Spektrometer-Begeisterte:<\/span><\/h3>\n<ul>\n<li><span style=\"font-family: verdana;\"><a href=\"#LPP\">Lighting Passport Pro mit gro\u00dfer Nachfrage<\/a><\/span>\n<ul>\n<li><span style=\"font-family: verdana;\"><a href=\"#LPE\">LPE- End of Live &#8211; Nachfolger LPPE mit Flickermeter<\/a><\/span><\/li>\n<li><span style=\"font-family: verdana;\"><a href=\"#LPFaktion\">LPF- Aktionsangebot<\/a><\/span><\/li>\n<\/ul>\n<\/li>\n<li><span style=\"font-family: verdana;\"><a href=\"#ALB\">Asensetek auf der L&amp;B- Ein Besuch lohnt sich mehrfach<\/a><\/span>\n<ul>\n<li><span style=\"font-family: verdana;\"><a href=\"#Fach\">Fachvortr\u00e4ge rund um Licht<\/a><\/span><\/li>\n<li><span style=\"font-family: verdana;\"><a href=\"#Licht\">Lichtmessungen am laufenden Band<\/a><\/span><\/li>\n<li><span style=\"font-family: verdana;\"><a href=\"#MR\">Messerabatte f\u00fcr Sparf\u00fcchse<\/a><\/span><\/li>\n<li><span style=\"font-family: verdana;\"><a href=\"#GG\">Gastgeschenke f\u00fcr unsere Kunden (solange Vorrat reicht)<\/a><\/span><\/li>\n<\/ul>\n<\/li>\n<li><span style=\"font-family: verdana;\"><a href=\"#tm30\">TM-30-15 ein neuer Lichtparameter rollt an<\/a><\/span><\/li>\n<li><span style=\"font-family: verdana;\"><a href=\"#kwk\">Kunden werben Kunden. Ihre Weiterempfehlung lohnt sich f\u00fcr Sie!<\/a><\/span><\/li>\n<\/ul>\n<h3><span style=\"font-family: verdana;\">F\u00fcr LEDclusive.de-Kunden:<\/span><\/h3>\n<ul>\n<li><span style=\"font-family: verdana;\"><a href=\"#smarte\">Smarte L\u00f6sung zum Dimmen von DALI-Leuchten ohne zus\u00e4tzliche Leitungsverlegung<\/a><\/span><\/li>\n<li><span style=\"font-family: verdana;\"><a href=\"#I2C\">Preiswerte, universelle DALI-, sowie DMX Controller f\u00fcr Ihre individuellen Anwendungen<\/a><\/span><\/li>\n<li><span style=\"font-family: verdana;\"><a href=\"#blog\">\u00dcberblick interessanter Fachbeitr\u00e4ge aus unserer Feder<\/a><\/span><\/li>\n<li><span style=\"font-family: verdana;\"><a href=\"#sm\">Social Media Like-Buttons auf LEDclusive.de<\/a><\/span><\/li>\n<\/ul>\n<\/td>\n<\/tr>\n<tr style=\"height: 361px;\">\n<td style=\"padding: 0px 25px; height: 361px;\" colspan=\"5\" align=\"left\">\n<h3><span style=\"font-family: verdana;\"><a id=\"LPP\" name=\"LPP\"><\/a>Lighting Passport Pro mit gro\u00dfer Nachfrage<\/span><\/h3>\n<p><span style=\"font-family: verdana;\">In unserer letzten Mail berichteten wir bereits f\u00fcr Sie \u00fcber das neue smarte Lichtspektrometer \u00bbLighting Passport Pro\u00ab und dessen Neuerungen. Verbunden mit interessanten Einstiegspreisen war die Nachfrage nach diesem Spektrophotometer riesig. Einige Hersteller statteten bereits gro\u00dffl\u00e4chig ihren gesamten Vertrieb damit aus. F\u00fcr uns ein weiterer Beweis f\u00fcr die Qualit\u00e4t des Produkts und dessen Mehrwert den ein Lighting Passport Spektrometer als t\u00e4glicher Begleiter f\u00fcr professionelle Lichtexperten darstellt.<br \/>\nVorbei sind die Zeiten, in denen Auftr\u00e4ge an einen Mitbewerber, aufgrund dessen vermeintlich besseren Produktparametern, verloren wurden. Die Kunden lassen sich inzwischen gerne durch eine mobile Messung \u00fcberzeugen.<br \/>\nLassen Sie Ihren Worten Werte folgen. Weiteren Einsatzm\u00f6glichkeiten sind kaum Grenzen gesetzt.<\/span><\/td>\n<\/tr>\n<tr style=\"height: 27px;\">\n<td style=\"padding: 0px 25px; height: 27px;\" colspan=\"5\" align=\"left\"><\/td>\n<\/tr>\n<tr style=\"height: 342px;\">\n<td style=\"padding: 0px 25px; height: 342px;\" colspan=\"5\" align=\"left\">\n<h3><span style=\"font-family: verdana;\"><a id=\"LPE\" name=\"LPE\"><\/a>LPE- End of Live &#8211; Nachfolger LPPE Spektrometer jetzt mit Flickermeter f\u00fcr nur 1199\u20ac<\/span><\/h3>\n<p><span style=\"font-family: verdana;\">Wie wir Sie Mitte Januar bereits informierten, wurden die bereits bekannten Lighting Passport Modelle um die Pro Versionen erweitert. In dem Zusammenhang jedoch wurde das LP Essence auf &#8222;End of Life&#8220; gesetzt. Das letzte Ger\u00e4te verlie\u00df Mitte Februar unser Lager.<br \/>\nMit dem LPPE (Pro Essence) erhalten Sie als Nachfolgemodell eine g\u00fcnstige Einstiegsversion inkl. Flickermeter mit hervorragendem Preis\/Leistungs-Verh\u00e4ltnis f\u00fcr Ihre t\u00e4glichen Standardanwendungen. Weitere Apps k\u00f6nnen Sie zu jeder Zeit im Appstore\/Playstore dazukaufen und vom skalierbaren Konzept der Pro Essence L\u00f6sung profitieren.<\/span><\/td>\n<\/tr>\n<tr style=\"height: 27px;\">\n<td style=\"padding: 0px 25px; height: 27px;\" colspan=\"5\" align=\"left\"><\/td>\n<\/tr>\n<tr style=\"height: 185px;\">\n<td style=\"padding: 0px 25px; height: 185px;\" colspan=\"5\" align=\"left\">\n<h3><span style=\"font-family: verdana;\"><a id=\"LPFaktion\" name=\"LPFaktion\"><\/a>Lighting Passport Flagship &#8211; Aktionsangebot<\/span><\/h3>\n<p><span style=\"font-family: verdana;\">Sie suchen ein Lichtspektrometer mit integrierter Anzeige und die Flagship Version war Ihnen bisher zu kostspielig? Ergreifen Sie die Gelegenheit und sparen Sie beim Kauf der Lighting Passport Flagship Version mit integriertem iPod touch 273,00 \u20ac. Nur f\u00fcr kurze Zeit. Jetzt informieren.<\/span><\/td>\n<\/tr>\n<tr style=\"height: 27px;\">\n<td style=\"padding: 0px 25px; height: 27px;\" colspan=\"5\" align=\"left\"><\/td>\n<\/tr>\n<tr style=\"height: 225px;\">\n<td style=\"padding: 0px 25px; height: 225px;\" colspan=\"5\" align=\"left\">\n<h3><span style=\"font-family: verdana;\"><a id=\"ALB\" name=\"ALB\"><\/a>Asensetek auf der Light&amp;Building- Ein Besuch lohnt sich mehrfach<\/span><\/h3>\n<p><span style=\"font-family: verdana;\">Dieses Jahr wird der Stand von Asensetek in Halle 10.1 kaum zu \u00fcbersehen sein.<br \/>\nSeien Sie live dabei und verpassen Sie keinesfalls unsere praxisnahen Messvorf\u00fchrungen &#8211; Messtechnik zum Anfassen eben.<\/span><\/td>\n<\/tr>\n<tr style=\"height: 193px;\">\n<td style=\"padding: 0px 25px; height: 193px;\" colspan=\"3\" align=\"left\"><span style=\"font-family: verdana;\">F\u00fcr Sie werden multinationale Ansprechpartner (Muttersprache: English, Mandarin und Deutsch) aus den verschiedenen Vetriebsregionen, sowie eine Videoleinwand f\u00fcr Vorf\u00fchrungen und Seminare neben hochwertigen Fachvortr\u00e4gen bereitstehen.<\/span><\/td>\n<td style=\"padding: 0px 25px; height: 193px;\" colspan=\"2\" align=\"left\">\n<h3><img loading=\"lazy\" decoding=\"async\" style=\"float: right;\" src=\"https:\/\/www.ledclusive.de\/vt\/\/test\/upload\/images\/asensetek messestand.png\" alt=\"Messestand L&amp;B Asensetek\" width=\"214\" height=\"117\" \/><\/h3>\n<\/td>\n<\/tr>\n<tr style=\"height: 27px;\">\n<td style=\"padding: 0px 25px; height: 27px;\" colspan=\"5\" align=\"left\"><\/td>\n<\/tr>\n<tr style=\"height: 492px;\">\n<td style=\"padding: 0px 25px; height: 492px;\" colspan=\"5\" align=\"left\">\n<h3><span style=\"font-family: verdana;\"><a id=\"Fach\" name=\"Fach\"><\/a>Fachvortr\u00e4ge rund um Licht<\/span><\/h3>\n<p><span style=\"font-family: verdana;\">W\u00e4hrend der L&amp;B haben Sie die einmalige M\u00f6glichkeit kostenlos an spannenden Vortr\u00e4gen rund um Licht und Lichtmessung teilzunehmen. Verpassen Sie unter keinen Umst\u00e4nden diese Veranstaltungen.<\/span><br \/>\n<img loading=\"lazy\" decoding=\"async\" class=\"aligncenter\" src=\"https:\/\/www.ledclusive.de\/vt\/\/test\/upload\/images\/Speeches-timetable-LuB.png\" alt=\"Zeitplan Fachvortr\u00e4ge Light and Building Asensetek\" width=\"488\" height=\"279\" \/><br \/>\n<span style=\"font-family: verdana;\">Wir freuen uns zusammen mit Asensetek auf Ihren Besuch.<\/span><\/td>\n<\/tr>\n<tr style=\"height: 27px;\">\n<td style=\"padding: 0px 25px; height: 27px;\" colspan=\"5\" align=\"left\"><\/td>\n<\/tr>\n<tr style=\"height: 447px;\">\n<td style=\"padding: 0px 25px; height: 447px;\" colspan=\"5\" align=\"left\">\n<h3><span style=\"font-family: verdana;\"><a id=\"Licht\" name=\"Licht\"><\/a>Lichtmessungen am laufenden Band<\/span><\/h3>\n<p><span style=\"font-family: verdana;\">Waren es bisher drei verschiedene Lichtspektrometer, so sind es inzwischen f\u00fcnf. F\u00fcr die richtige Auswahl sind alle Ger\u00e4te am Messestand von Asensetek verf\u00fcgbar. Informieren Sie sich \u00fcber alle Ger\u00e4te und testen Sie diese auf Herz und Nieren, bzw Hard- und Software.<\/span><\/p>\n<p><span style=\"font-family: verdana;\">Die Tage werden gef\u00fcllt sein mit Lichtmessungen am laufenden Band. Haben Sie ein spezielles Leuchtmittel (E27,E14, GU5.3, GU10), so k\u00f6nnen Sie dieses gerne selbst vermessen und ggf. mit bekannten Daten vergleichen. Installieren Sie sich vorab die kostenlose App auf Ihrem Smartphone. Die Bluetooth-Kopplung mit dem Sensor ist schnell hergestellt und schon k\u00f6nnen Sie die Messungen selbst durchf\u00fchren und die Ergebnisse auf Ihrem Handy speichern. Alternativ senden wir Ihnen diese direkt auch gerne als email zu..<br \/>\nAuch haben Sie die M\u00f6glichkeit sich \u00fcber die verschiedenen Apps wie SGM, SGT, SGS oder SGAL f\u00fcr die Messung von Pflanzenwachstumlicht zu informieren.<br \/>\nSchauen Sie vorbei.<\/span><\/td>\n<\/tr>\n<tr style=\"height: 27px;\">\n<td style=\"padding: 0px 25px; height: 27px;\" colspan=\"5\" align=\"left\"><\/td>\n<\/tr>\n<tr style=\"height: 214px;\">\n<td style=\"padding: 0px 25px; height: 214px;\" colspan=\"5\" align=\"left\">\n<h3><span style=\"font-family: verdana;\"><a id=\"MR\" name=\"MR\"><\/a>Messerabatte f\u00fcr Sparf\u00fcchse<\/span><\/h3>\n<p><span style=\"font-family: verdana;\">Eine Messe ist auch immer eine &#8222;Schn\u00e4ppchenjagd&#8220;. Wer bis jetzt noch mit dem Kauf bzw. der Bestellung eines Lichtspektrometers gewartet hat, findet nun w\u00e4hrend der Messetage attraktive Preise vor. Informieren Sie Ihren Vorgesetzten von dieser Aktion, nutzen Sie unsere interessanten Rabatte und platzieren Sie Ihre Bestellung direkt an unserem Messestand. Smarte Lichtspektrometer zum Hammerpreis.<\/span><\/td>\n<\/tr>\n<tr style=\"height: 27px;\">\n<td style=\"padding: 0px 25px; height: 27px;\" colspan=\"5\" align=\"left\"><\/td>\n<\/tr>\n<tr style=\"height: 185px;\">\n<td style=\"padding: 0px 25px; height: 185px;\" colspan=\"5\" align=\"left\">\n<h3><span style=\"font-family: verdana;\"><a id=\"GG\" name=\"GG\"><\/a>Gastgeschenke f\u00fcr unsere Kunden<\/span><\/h3>\n<p><span style=\"font-family: verdana;\">Besuchen Sie uns mit Ihrem Lichtspektrometer und teilen Sie Ihre Erfahrungen dazu mit uns. Als Dankesch\u00f6n erhalten Sie dazu von uns ein kleines Gastgeschenk. (Solange Vorrat reicht.) Seien sie gespannt!<\/span><\/td>\n<\/tr>\n<tr style=\"height: 27px;\">\n<td style=\"padding: 0px 25px; height: 27px;\" colspan=\"5\" align=\"left\"><\/td>\n<\/tr>\n<tr style=\"height: 214px;\">\n<td style=\"padding: 0px 25px; height: 214px;\" colspan=\"5\" align=\"left\">\n<h3><span style=\"font-family: verdana;\"><a title=\"IES TM-30-15 Neuer Standard zur Farbwiedergabe-Bestimmung\" href=\"https:\/\/www.ledclusive.de\/blog\/ies-tm-30-15\/\">TM-30-15<\/a> &#8211; Ein neuer Lichtparameter rollt an<\/span><\/h3>\n<p><span style=\"font-family: verdana;\"><strong>Es war einmal <\/strong>ein Farbwiedergabeindex CRI. Er diente diente den Lichtprofis \u00fcber viele Jahrzehnte. Doch mit Einf\u00fchrung der LED wurden seine Schw\u00e4chen mehr und mehr erkannt. So arbeitete die Wissenschaft eifrig und entwickelte neue Berechnungsmethoden. Im Jahr 2015 war es dann soweit und es wurde ein neuer Standard geschaffen: <a href=\"http:\/\/www.ies.org\/publications\/TM-30-15.html\" target=\"_blank\" rel=\"nofollow noopener noreferrer\">IES TM-30-15.<\/a> <\/span><\/td>\n<\/tr>\n<tr style=\"height: 113px;\">\n<td style=\"padding: 0px 25px; height: 113px;\" colspan=\"3\" align=\"left\"><span style=\"font-family: verdana;\">Interessierte Kunden kontaktieren uns bitte. Wir verraten Ihnen dann, wie Sie aus Ihren Lighting Passport Me\u00dfdaten schon jetzt <strong>R<sub>f<\/sub><\/strong> und <strong>R<sub>g<\/sub><\/strong> berechnen k\u00f6nnen.<\/span><\/td>\n<td style=\"padding: 0px 25px; height: 113px;\" colspan=\"2\" align=\"left\">\n<h3><span style=\"font-family: verdana;\"><a href=\"http:\/\/www.ies.org\/publications\/TM-30-15.html\" target=\"_blank\" rel=\"nofollow noopener noreferrer\"><img loading=\"lazy\" decoding=\"async\" class=\"alignnone\" style=\"float: right;\" src=\"https:\/\/www.ledclusive.de\/vt\/\/test\/upload\/images\/TM30.jpg\" alt=\"TM30-15 Kreisdarstellung\" width=\"216\" height=\"112\" \/><\/a><\/span><\/h3>\n<\/td>\n<\/tr>\n<tr style=\"height: 27px;\">\n<td style=\"padding: 0px 25px; height: 27px;\" colspan=\"5\" align=\"left\"><\/td>\n<\/tr>\n<tr style=\"height: 284px;\">\n<td style=\"padding: 0px 25px; height: 284px;\" colspan=\"5\" align=\"left\">\n<h3><span style=\"font-family: verdana;\"><a id=\"kwk\" name=\"kwk\"><\/a>Kunden werben Kunden. Ihre Weiterempfehlung lohnt sich f\u00fcr Sie<\/span><\/h3>\n<p><span style=\"font-family: verdana;\">Sie sind zufriedener Anwender unserer Spektrometer? Nun kennen Sie die aktuellen, attraktiven Sonderkonditionen.<br \/>\nBegeistern Sie Ihre Kollegen, Gesch\u00e4ftspartner, Kunden, Lieferanten usw. Im Erfolgsfall einer Bestellung erhalten Sie von uns als Dankesch\u00f6n einen Tripod-Adapter oder ein Pocket-Bag f\u00fcr Ihr LightingPassport nach Wahl.<\/span><\/td>\n<\/tr>\n<tr style=\"height: 180px;\">\n<td style=\"padding: 0px 25px; height: 180px;\" colspan=\"5\" align=\"left\"><span style=\"font-family: verdana;\"><img loading=\"lazy\" decoding=\"async\" style=\"float: left;\" src=\"https:\/\/www.ledclusive.de\/vt\/\/test\/upload\/images\/pocket bag.jpg\" alt=\"pocket bag\" width=\"164\" height=\"181\" \/><img loading=\"lazy\" decoding=\"async\" style=\"float: right;\" src=\"https:\/\/www.ledclusive.de\/vt\/\/test\/upload\/images\/tripod.jpg\" alt=\"tripod adapter\" width=\"275\" height=\"176\" \/><\/span><\/td>\n<\/tr>\n<tr style=\"height: 28px;\">\n<td style=\"padding: 0px 25px; height: 28px;\" colspan=\"5\" align=\"left\"><span style=\"font-family: verdana;\">\u00a0\u00a0 <\/span><\/td>\n<\/tr>\n<tr style=\"height: 60px;\">\n<td style=\"padding: 0px 25px; height: 60px;\" colspan=\"5\" align=\"left\">\n<h2><span style=\"font-size: 14px;\"><strong><span style=\"font-family: verdana;\">Und was sich sonst noch so bei uns im LED-Shop LEDclusive.de tut&#8230;.<\/span><\/strong><\/span><\/h2>\n<\/td>\n<\/tr>\n<tr style=\"height: 27px;\">\n<td style=\"padding: 0px 25px; height: 27px;\" colspan=\"5\" align=\"left\"><\/td>\n<\/tr>\n<tr style=\"height: 313px;\">\n<td style=\"padding: 0px 25px; height: 313px;\" colspan=\"5\">\n<h3><span style=\"font-family: verdana;\"><a id=\"smarte\" name=\"smarte\"><\/a>Smarte L\u00f6sung zum Dimmen von DALI-Leuchten ohne zus\u00e4tzliche Leitungsverlegung &#8211; CASAMBI-Modul<\/span><\/h3>\n<p><span style=\"font-family: verdana;\">Hatten wir bisher schon mit den Enocean-DALI das eine oder andere Installationsproblem bei fehlenden Steuerleitung f\u00fcr DALI insbesondere f\u00fcr kommerzielle Anwendungen gel\u00f6st, so bieten wir inzwischen auch eine sehr preiswerte und universelle Anwendung f\u00fcr einzelne LED-Leuchten zum Dimmen an.<br \/>\nLED-Leuchten mit Phasenabschnittsdimmer zu dimmen ist keine Option, da sich die Anwendung technisch unzureichend, mit Flackern und der fehlenden M\u00f6glichkeit die LED auf 0% zu dimmen, \u00e4u\u00dfert. Dies ist auch der Grund warum viele LED-Leuchten inzwischen nur mit DALI oder 1-10V-Schnittstellen verf\u00fcgbar sind.<\/span><\/td>\n<\/tr>\n<tr style=\"height: 346px;\">\n<td style=\"padding: 0px 25px; height: 346px;\" colspan=\"3\"><span style=\"font-family: verdana;\"><a href=\"\/casambi-183\" target=\"_blank\" rel=\"noopener noreferrer\"><strong>Die L\u00f6sung: Casambi-Module:<\/strong><\/a><\/span><span style=\"font-family: verdana;\">Einfach das kleine Casambi-Modul zus\u00e4tzlich in die Leuchte oder in den Baldachin eingebaut, schon k\u00f6nnen Sie diese Leuchte \u00fcber Ihr Smartphone oder sogar durch Doppelschalten mit ihrem herk\u00f6mmlichen Lichtschalter dimmen. Ganz ohne zus\u00e4tzliche Leitungsverlegung.<\/span><\/td>\n<td style=\"padding: 0px 25px; height: 346px;\" colspan=\"2\"><a href=\"\/casambi-183\"><img loading=\"lazy\" decoding=\"async\" class=\"alignnone\" style=\"float: right;\" src=\"https:\/\/www.ledclusive.de\/vt\/\/test\/upload\/images\/Casambi-Modul _DALI-Bluetooth.JPG\" alt=\"Casambi Steuerung DALI, 1-10V\" width=\"177\" height=\"176\" \/><\/a><\/td>\n<\/tr>\n<tr style=\"height: 27px;\">\n<td style=\"padding: 0px 25px; height: 27px;\" colspan=\"5\"><\/td>\n<\/tr>\n<tr style=\"height: 94px;\">\n<td style=\"padding: 0px 25px; height: 94px;\" colspan=\"5\">\n<h3><span style=\"font-family: verdana;\"><a id=\"I2C\" name=\"I2C\"><\/a>Preiswerte, universelle DALI, DMX Controller f\u00fcr individuelle Anwendungen<\/span><\/h3>\n<\/td>\n<\/tr>\n<tr style=\"height: 220px;\">\n<td style=\"padding: 0px 25px; height: 220px;\" colspan=\"3\"><a href=\"\/code-mercenaries-184\"><img loading=\"lazy\" decoding=\"async\" class=\"alignnone\" style=\"float: left;\" src=\"https:\/\/www.ledclusive.de\/vt\/\/test\/upload\/images\/LED-Control-I2C_DALI_DMX_programmierbar.JPG\" alt=\"DALI, DMX und i2C Steuerung\" width=\"212\" height=\"187\" \/><\/a><\/td>\n<td style=\"padding: 0px 25px; height: 220px;\" colspan=\"2\"><span style=\"font-family: verdana;\">Sie suchen kleine, preiswerte Controller um Ihre LED-Module oder LED-Leuchten intelligent werden zu lassen? Bauen Sie Ihre eigene Steuerung mit DALI, DMX oder i2C.Mit dem LED-Treiber-Modul LW04 beispielsweise arbeitet Ihre LED-Leuchte autarkt durch eigens intergrierte Szenensteuerung, welche Sie selbst programmieren k\u00f6nnen. So sind nun endlich auch die Produkte von Code Mercenaries bei uns erh\u00e4ltlich. Informieren Sie sich <a href=\"\/code-mercenaries-184\" target=\"_blank\" rel=\"noopener noreferrer\">hier.<\/a><\/span><\/td>\n<\/tr>\n<tr style=\"height: 27px;\">\n<td style=\"padding: 0px 25px; height: 27px;\" colspan=\"5\"><\/td>\n<\/tr>\n<tr style=\"height: 496px;\">\n<td style=\"padding: 0px 25px; height: 496px;\" colspan=\"5\">\n<h3><span style=\"font-family: verdana;\"><a id=\"blog\" name=\"blog\"><\/a>\u00dcberblick interessanter Fachbeitr\u00e4ge aus unserer Feder<\/span><\/h3>\n<p><span style=\"font-family: verdana;\">Nein, wir sind nicht nur ein Online-Shop. Wir sehen uns auch als Experten in Sachen LED und Licht und so z\u00f6gern wir nicht in unserem Blog zum LED Shop auch immer wieder aktuelle Informationen f\u00fcr unsere Kunden zu ver\u00f6ffentlichen. Besonders m\u00f6chten wir auf diese Artikel aufmerksam machen:<\/span><\/p>\n<ul>\n<li><span style=\"font-family: verdana;\"><a href=\"https:\/\/www.ledclusive.de\/blog\/etp-kongress-strassenbeleuchtung-rueckblick\/\" target=\"_blank\" rel=\"noopener noreferrer\">Zusammenfassung 15.ETP Kongress Stra\u00dfenbeleuchtung M\u00fcnchen<\/a><\/span><\/li>\n<li><span style=\"font-family: verdana;\"><a href=\"https:\/\/www.ledclusive.de\/blog\/macadam-ellipsen-messen\/\" target=\"_blank\" rel=\"noopener noreferrer\">MacAdam Ellipsen (SDCM) und seine T\u00fccken<\/a> (aktuell)<\/span><\/li>\n<li><span style=\"font-family: verdana;\">S\/P Verh\u00e4ltnis &#8211; Der Unterschied von Tagsehen zu Nachsehen<\/span><\/li>\n<li><span style=\"font-family: verdana;\"><a href=\"\/blog\/gai-gamut-area-index\">Gamut Area Index (GAI) \u2013 Ein weiterer Lichtparameter stellt sich vor<\/a><\/span><\/li>\n<li><span style=\"font-family: verdana;\"><a href=\"https:\/\/www.ledclusive.de\/blog\/testimonial-wachstumslampen-messen\/\">Testimonial zu PAR-Spektrometer beim Vermessen von Wachstumslampen<\/a><\/span><\/li>\n<li><span style=\"font-family: verdana;\"><a href=\"https:\/\/www.ledclusive.de\/blog\/tlci-farbcheck\/\">Farbcheck-TLCI-Ergebnisse einer Lichtmessung<\/a><\/span><\/li>\n<\/ul>\n<p><span style=\"font-family: verdana;\"> Viel Spass beim Lesen.<\/span><\/td>\n<\/tr>\n<tr style=\"height: 27px;\">\n<td style=\"padding: 0px 25px; height: 27px;\" colspan=\"5\"><\/td>\n<\/tr>\n<tr style=\"height: 273px;\">\n<td style=\"padding: 0px 25px; height: 273px;\" colspan=\"5\">\n<h3><span style=\"font-family: verdana;\"><a id=\"sm\" name=\"sm\"><\/a>Social Media Buttons auf LEDclusive.de &#8211; Empfehlen Sie uns<\/span><\/h3>\n<p><span style=\"font-family: verdana;\">Als Online-Fachhandel sind wir von der Auffindbarkeit in Suchmaschinen abh\u00e4ngig. Mehr und mehr verwendet Google als meistgenutzte Suchmaschine auch Informationen wie die &#8222;user experience&#8220; zur Positionierung einer Seite. Dazu geh\u00f6rt auch ob Ihnen unsere Seite gef\u00e4llt oder nicht.<br \/>\nGefallen Ihnen unsere Beitr\u00e4ge und Seiten, sowie unser Support?<br \/>\nHelfen Sie mit und verwenden Sie die &#8222;Empfehlungs-Buttons&#8220; f\u00fcr facebook, Twitter oder auch Google+ hier oder auf unseren Seiten.<\/span><\/td>\n<\/tr>\n<tr style=\"height: 27px;\">\n<td style=\"padding: 0px 15px; height: 27px;\" colspan=\"5\"><\/td>\n<\/tr>\n<tr style=\"height: 28px;\">\n<td style=\"padding: 0px 15px; height: 28px;\" colspan=\"5\"><span style=\"font-family: verdana;\">Vielen Dank f\u00fcrs &#8222;Klicken&#8220; und bis bald bis zur n\u00e4chsten Tech-Mail,<\/span><\/td>\n<\/tr>\n<tr style=\"height: 28px;\">\n<td style=\"padding: 0px 25px; height: 28px;\" colspan=\"5\"><span style=\"font-family: verdana;\">Ihr Tom Reichelt mit LEDclusive.de-Team \u00a0<\/span><\/td>\n<\/tr>\n<tr style=\"height: 27px;\">\n<td style=\"padding: 0px 25px; height: 27px;\" colspan=\"5\"><\/td>\n<\/tr>\n<tr style=\"height: 83px;\">\n<td style=\"padding: 0px 25px; height: 83px;\" colspan=\"5\"><span style=\"font-family: verdana;\">Online-Shop: <a href=\"https:\/\/www.ledclusive.de\" target=\"_blank\" rel=\"noopener noreferrer\">www.ledclusive.de<\/a><br \/>\nBlog zum Shop: <a href=\"https:\/\/www.ledclusive.de\/blog\" target=\"_blank\" rel=\"noopener noreferrer\">www.ledclusive.de\/blog<\/a><br \/>\nSmartphone Spektrometer: www.lightingpassport.de<\/span><\/td>\n<\/tr>\n<\/tbody>\n<\/table>\n","protected":false},"excerpt":{"rendered":"<p>Schon mal nachgedacht, wie komplex Stra\u00dfenleuchten und deren Betrieb ist? Wir berichten von unserer Teilnahme am 15. ETP Congress f\u00fcr Stra\u00dfenbeleuchtung vom 23.2. &#8211; 25.2.16 in M\u00fcnchen. Allj\u00e4hrlich treffen sich \u00fcber den Veranstalter EUROFORUM ausgew\u00e4hlte Experten und Betreiber vorwiegend aus D, A, CH zum Thema Stra\u00dfenbeleuchtung. Wer glaubt Stra\u00dfenleuchten sind doch nur die hochh\u00e4ngenden \u201eFunzeln\u201c&hellip;&nbsp;<a href=\"https:\/\/www.LEDclusive.de\/blog\/tech-mail-maerz-2016-light-building\/\" rel=\"bookmark\">Weiterlesen &raquo;<span class=\"screen-reader-text\">Tech-Mail M\u00e4rz 2016 &#8211; Bericht ETP2016 und LEDclusive.de auf L&#038;B<\/span><\/a><\/p>\n","protected":false},"author":1,"featured_media":0,"comment_status":"open","ping_status":"open","sticky":false,"template":"","format":"standard","meta":{"neve_meta_sidebar":"","neve_meta_container":"","neve_meta_enable_content_width":"off","neve_meta_content_width":0,"neve_meta_title_alignment":"","neve_meta_author_avatar":"","neve_post_elements_order":"","neve_meta_disable_header":"","neve_meta_disable_footer":"","neve_meta_disable_title":"","cybocfi_hide_featured_image":"","iawp_total_views":1,"footnotes":"","_links_to":"","_links_to_target":""},"categories":[50,75],"tags":[],"class_list":["post-1684","post","type-post","status-publish","format-standard","hentry","category-led-it-all","category-newsletter"],"yoast_head":"<!-- This site is optimized with the Yoast SEO plugin v27.4 - https:\/\/yoast.com\/product\/yoast-seo-wordpress\/ -->\n<title>Tech-Mail M\u00e4rz 2016 - Bericht ETP2016 und LEDclusive.de auf L&amp;B<\/title>\n<meta name=\"description\" content=\"Schon mal nachgedacht, wie komplex Stra\u00dfenleuchten und deren Betrieb ist? Wir berichten von unserer Teilnahme am 15. ETP Congress f\u00fcr Stra\u00dfenbeleuchtung\" \/>\n<meta name=\"robots\" content=\"index, follow, max-snippet:-1, max-image-preview:large, max-video-preview:-1\" \/>\n<link rel=\"canonical\" href=\"https:\/\/www.LEDclusive.de\/blog\/tech-mail-maerz-2016-light-building\/\" \/>\n<meta property=\"og:locale\" content=\"de_DE\" \/>\n<meta property=\"og:type\" content=\"article\" \/>\n<meta property=\"og:title\" content=\"LEDclusive berichtet vom ETP-Stra\u00dfenleuchtenkongress und gibt Ausblick auf Light&amp;Building\" \/>\n<meta property=\"og:description\" content=\"Schon mal nachgedacht, wie komplex Stra\u00dfenleuchten und deren Betrieb ist? Wir berichten von unserer Teilnahme am 15. ETP Congress f\u00fcr Stra\u00dfenbeleuchtung\" \/>\n<meta property=\"og:url\" content=\"https:\/\/www.LEDclusive.de\/blog\/tech-mail-maerz-2016-light-building\/\" \/>\n<meta property=\"og:site_name\" content=\"LED Blog zum LED Fachhandel\" \/>\n<meta property=\"article:publisher\" content=\"https:\/\/www.facebook.com\/led.shop.LEDclusive\/\" \/>\n<meta property=\"article:author\" content=\"https:\/\/www.facebook.com\/led.shop.LEDclusive\" \/>\n<meta property=\"article:published_time\" content=\"2016-03-08T21:23:04+00:00\" \/>\n<meta property=\"article:modified_time\" content=\"2025-05-07T07:22:41+00:00\" \/>\n<meta property=\"og:image\" content=\"https:\/\/www.ledclusive.de\/vt\/\/test\/upload\/images\/Speeches-Asensetek-LuB.png\" \/>\n<meta name=\"author\" content=\"Tom Reichelt\" \/>\n<meta name=\"twitter:card\" content=\"summary_large_image\" \/>\n<meta name=\"twitter:title\" content=\"LEDclusive berichtet vom ETP-Stra\u00dfenleuchtenkongress und gibt Ausblick auf Light&amp;Building\" \/>\n<meta name=\"twitter:creator\" content=\"@LED_Profi\" \/>\n<meta name=\"twitter:site\" content=\"@LED_Profi\" \/>\n<meta name=\"twitter:label1\" content=\"Verfasst von\" \/>\n\t<meta name=\"twitter:data1\" content=\"Tom Reichelt\" \/>\n\t<meta name=\"twitter:label2\" content=\"Gesch\u00e4tzte Lesezeit\" \/>\n\t<meta name=\"twitter:data2\" content=\"10\u00a0Minuten\" \/>\n<script type=\"application\/ld+json\" class=\"yoast-schema-graph\">{\"@context\":\"https:\\\/\\\/schema.org\",\"@graph\":[{\"@type\":\"Article\",\"@id\":\"https:\\\/\\\/www.LEDclusive.de\\\/blog\\\/tech-mail-maerz-2016-light-building\\\/#article\",\"isPartOf\":{\"@id\":\"https:\\\/\\\/www.LEDclusive.de\\\/blog\\\/tech-mail-maerz-2016-light-building\\\/\"},\"author\":{\"name\":\"Tom Reichelt\",\"@id\":\"https:\\\/\\\/www.LEDclusive.de\\\/blog\\\/#\\\/schema\\\/person\\\/89f198134d7947eaccd2a3d17ebc7c5c\"},\"headline\":\"Tech-Mail M\u00e4rz 2016 &#8211; Bericht ETP2016 und LEDclusive.de auf L&#038;B\",\"datePublished\":\"2016-03-08T21:23:04+00:00\",\"dateModified\":\"2025-05-07T07:22:41+00:00\",\"mainEntityOfPage\":{\"@id\":\"https:\\\/\\\/www.LEDclusive.de\\\/blog\\\/tech-mail-maerz-2016-light-building\\\/\"},\"wordCount\":1629,\"commentCount\":0,\"publisher\":{\"@id\":\"https:\\\/\\\/www.LEDclusive.de\\\/blog\\\/#organization\"},\"image\":{\"@id\":\"https:\\\/\\\/www.LEDclusive.de\\\/blog\\\/tech-mail-maerz-2016-light-building\\\/#primaryimage\"},\"thumbnailUrl\":\"https:\\\/\\\/www.ledclusive.de\\\/vt\\\/\\\/test\\\/upload\\\/images\\\/Speeches-Asensetek-LuB.png\",\"articleSection\":{\"1\":\"Newsletter\"},\"inLanguage\":\"de\",\"potentialAction\":[{\"@type\":\"CommentAction\",\"name\":\"Comment\",\"target\":[\"https:\\\/\\\/www.LEDclusive.de\\\/blog\\\/tech-mail-maerz-2016-light-building\\\/#respond\"]}]},{\"@type\":\"WebPage\",\"@id\":\"https:\\\/\\\/www.LEDclusive.de\\\/blog\\\/tech-mail-maerz-2016-light-building\\\/\",\"url\":\"https:\\\/\\\/www.LEDclusive.de\\\/blog\\\/tech-mail-maerz-2016-light-building\\\/\",\"name\":\"Tech-Mail M\u00e4rz 2016 - Bericht ETP2016 und LEDclusive.de auf L&B\",\"isPartOf\":{\"@id\":\"https:\\\/\\\/www.LEDclusive.de\\\/blog\\\/#website\"},\"primaryImageOfPage\":{\"@id\":\"https:\\\/\\\/www.LEDclusive.de\\\/blog\\\/tech-mail-maerz-2016-light-building\\\/#primaryimage\"},\"image\":{\"@id\":\"https:\\\/\\\/www.LEDclusive.de\\\/blog\\\/tech-mail-maerz-2016-light-building\\\/#primaryimage\"},\"thumbnailUrl\":\"https:\\\/\\\/www.ledclusive.de\\\/vt\\\/\\\/test\\\/upload\\\/images\\\/Speeches-Asensetek-LuB.png\",\"datePublished\":\"2016-03-08T21:23:04+00:00\",\"dateModified\":\"2025-05-07T07:22:41+00:00\",\"description\":\"Schon mal nachgedacht, wie komplex Stra\u00dfenleuchten und deren Betrieb ist? Wir berichten von unserer Teilnahme am 15. ETP Congress f\u00fcr Stra\u00dfenbeleuchtung\",\"breadcrumb\":{\"@id\":\"https:\\\/\\\/www.LEDclusive.de\\\/blog\\\/tech-mail-maerz-2016-light-building\\\/#breadcrumb\"},\"inLanguage\":\"de\",\"potentialAction\":[{\"@type\":\"ReadAction\",\"target\":[\"https:\\\/\\\/www.LEDclusive.de\\\/blog\\\/tech-mail-maerz-2016-light-building\\\/\"]}]},{\"@type\":\"ImageObject\",\"inLanguage\":\"de\",\"@id\":\"https:\\\/\\\/www.LEDclusive.de\\\/blog\\\/tech-mail-maerz-2016-light-building\\\/#primaryimage\",\"url\":\"https:\\\/\\\/www.ledclusive.de\\\/vt\\\/\\\/test\\\/upload\\\/images\\\/Speeches-Asensetek-LuB.png\",\"contentUrl\":\"https:\\\/\\\/www.ledclusive.de\\\/vt\\\/\\\/test\\\/upload\\\/images\\\/Speeches-Asensetek-LuB.png\"},{\"@type\":\"BreadcrumbList\",\"@id\":\"https:\\\/\\\/www.LEDclusive.de\\\/blog\\\/tech-mail-maerz-2016-light-building\\\/#breadcrumb\",\"itemListElement\":[{\"@type\":\"ListItem\",\"position\":1,\"name\":\"Startseite\",\"item\":\"https:\\\/\\\/www.LEDclusive.de\\\/blog\\\/\"},{\"@type\":\"ListItem\",\"position\":2,\"name\":\"Tech-Mail M\u00e4rz 2016 &#8211; Bericht ETP2016 und LEDclusive.de auf L&#038;B\"}]},{\"@type\":\"WebSite\",\"@id\":\"https:\\\/\\\/www.LEDclusive.de\\\/blog\\\/#website\",\"url\":\"https:\\\/\\\/www.LEDclusive.de\\\/blog\\\/\",\"name\":\"LED Blog zum LED Fachhandel\",\"description\":\"Fachbeitr\u00e4ge rund um LED Produkte - F\u00fcr Sie ausgesucht und getestet\",\"publisher\":{\"@id\":\"https:\\\/\\\/www.LEDclusive.de\\\/blog\\\/#organization\"},\"potentialAction\":[{\"@type\":\"SearchAction\",\"target\":{\"@type\":\"EntryPoint\",\"urlTemplate\":\"https:\\\/\\\/www.LEDclusive.de\\\/blog\\\/?s={search_term_string}\"},\"query-input\":{\"@type\":\"PropertyValueSpecification\",\"valueRequired\":true,\"valueName\":\"search_term_string\"}}],\"inLanguage\":\"de\"},{\"@type\":\"Organization\",\"@id\":\"https:\\\/\\\/www.LEDclusive.de\\\/blog\\\/#organization\",\"name\":\"LEDclusive.de\",\"alternateName\":\"LEDclusive.de - LED-Shop mit Know-How\",\"url\":\"https:\\\/\\\/www.LEDclusive.de\\\/blog\\\/\",\"logo\":{\"@type\":\"ImageObject\",\"inLanguage\":\"de\",\"@id\":\"https:\\\/\\\/www.LEDclusive.de\\\/blog\\\/#\\\/schema\\\/logo\\\/image\\\/\",\"url\":\"https:\\\/\\\/www.LEDclusive.de\\\/blog\\\/wp-content\\\/uploads\\\/2021\\\/01\\\/led-shop-logo.jpg\",\"contentUrl\":\"https:\\\/\\\/www.LEDclusive.de\\\/blog\\\/wp-content\\\/uploads\\\/2021\\\/01\\\/led-shop-logo.jpg\",\"width\":213,\"height\":52,\"caption\":\"LEDclusive.de\"},\"image\":{\"@id\":\"https:\\\/\\\/www.LEDclusive.de\\\/blog\\\/#\\\/schema\\\/logo\\\/image\\\/\"},\"sameAs\":[\"https:\\\/\\\/www.facebook.com\\\/led.shop.LEDclusive\\\/\",\"https:\\\/\\\/x.com\\\/LED_Profi\",\"https:\\\/\\\/www.linkedin.com\\\/company\\\/ledclusive.de\",\"https:\\\/\\\/www.youtube.com\\\/channel\\\/UCglV4it-pBv1cOMe81cugkg\"]},{\"@type\":\"Person\",\"@id\":\"https:\\\/\\\/www.LEDclusive.de\\\/blog\\\/#\\\/schema\\\/person\\\/89f198134d7947eaccd2a3d17ebc7c5c\",\"name\":\"Tom Reichelt\",\"image\":{\"@type\":\"ImageObject\",\"inLanguage\":\"de\",\"@id\":\"https:\\\/\\\/secure.gravatar.com\\\/avatar\\\/5dae5783e6ee4d38e3481aae983d1bbff5f27fb4bb40594616f4655092fd6719?s=96&d=mm&r=g\",\"url\":\"https:\\\/\\\/secure.gravatar.com\\\/avatar\\\/5dae5783e6ee4d38e3481aae983d1bbff5f27fb4bb40594616f4655092fd6719?s=96&d=mm&r=g\",\"contentUrl\":\"https:\\\/\\\/secure.gravatar.com\\\/avatar\\\/5dae5783e6ee4d38e3481aae983d1bbff5f27fb4bb40594616f4655092fd6719?s=96&d=mm&r=g\",\"caption\":\"Tom Reichelt\"},\"description\":\"Inhaber des LED Shop LEDclusive.de sowie t\u00e4tig als LED Projektberater und Referent.\",\"sameAs\":[\"https:\\\/\\\/www.ledclusive.de\",\"https:\\\/\\\/www.facebook.com\\\/led.shop.LEDclusive\",\"https:\\\/\\\/x.com\\\/LED_Profi\"],\"url\":\"https:\\\/\\\/www.LEDclusive.de\\\/blog\\\/author\\\/admin\\\/\"}]}<\/script>\n<!-- \/ Yoast SEO plugin. -->","yoast_head_json":{"title":"Tech-Mail M\u00e4rz 2016 - Bericht ETP2016 und LEDclusive.de auf L&B","description":"Schon mal nachgedacht, wie komplex Stra\u00dfenleuchten und deren Betrieb ist? Wir berichten von unserer Teilnahme am 15. ETP Congress f\u00fcr Stra\u00dfenbeleuchtung","robots":{"index":"index","follow":"follow","max-snippet":"max-snippet:-1","max-image-preview":"max-image-preview:large","max-video-preview":"max-video-preview:-1"},"canonical":"https:\/\/www.LEDclusive.de\/blog\/tech-mail-maerz-2016-light-building\/","og_locale":"de_DE","og_type":"article","og_title":"LEDclusive berichtet vom ETP-Stra\u00dfenleuchtenkongress und gibt Ausblick auf Light&Building","og_description":"Schon mal nachgedacht, wie komplex Stra\u00dfenleuchten und deren Betrieb ist? Wir berichten von unserer Teilnahme am 15. ETP Congress f\u00fcr Stra\u00dfenbeleuchtung","og_url":"https:\/\/www.LEDclusive.de\/blog\/tech-mail-maerz-2016-light-building\/","og_site_name":"LED Blog zum LED Fachhandel","article_publisher":"https:\/\/www.facebook.com\/led.shop.LEDclusive\/","article_author":"https:\/\/www.facebook.com\/led.shop.LEDclusive","article_published_time":"2016-03-08T21:23:04+00:00","article_modified_time":"2025-05-07T07:22:41+00:00","og_image":[{"url":"https:\/\/www.ledclusive.de\/vt\/\/test\/upload\/images\/Speeches-Asensetek-LuB.png","type":"","width":"","height":""}],"author":"Tom Reichelt","twitter_card":"summary_large_image","twitter_title":"LEDclusive berichtet vom ETP-Stra\u00dfenleuchtenkongress und gibt Ausblick auf Light&Building","twitter_creator":"@LED_Profi","twitter_site":"@LED_Profi","twitter_misc":{"Verfasst von":"Tom Reichelt","Gesch\u00e4tzte Lesezeit":"10\u00a0Minuten"},"schema":{"@context":"https:\/\/schema.org","@graph":[{"@type":"Article","@id":"https:\/\/www.LEDclusive.de\/blog\/tech-mail-maerz-2016-light-building\/#article","isPartOf":{"@id":"https:\/\/www.LEDclusive.de\/blog\/tech-mail-maerz-2016-light-building\/"},"author":{"name":"Tom Reichelt","@id":"https:\/\/www.LEDclusive.de\/blog\/#\/schema\/person\/89f198134d7947eaccd2a3d17ebc7c5c"},"headline":"Tech-Mail M\u00e4rz 2016 &#8211; Bericht ETP2016 und LEDclusive.de auf L&#038;B","datePublished":"2016-03-08T21:23:04+00:00","dateModified":"2025-05-07T07:22:41+00:00","mainEntityOfPage":{"@id":"https:\/\/www.LEDclusive.de\/blog\/tech-mail-maerz-2016-light-building\/"},"wordCount":1629,"commentCount":0,"publisher":{"@id":"https:\/\/www.LEDclusive.de\/blog\/#organization"},"image":{"@id":"https:\/\/www.LEDclusive.de\/blog\/tech-mail-maerz-2016-light-building\/#primaryimage"},"thumbnailUrl":"https:\/\/www.ledclusive.de\/vt\/\/test\/upload\/images\/Speeches-Asensetek-LuB.png","articleSection":{"1":"Newsletter"},"inLanguage":"de","potentialAction":[{"@type":"CommentAction","name":"Comment","target":["https:\/\/www.LEDclusive.de\/blog\/tech-mail-maerz-2016-light-building\/#respond"]}]},{"@type":"WebPage","@id":"https:\/\/www.LEDclusive.de\/blog\/tech-mail-maerz-2016-light-building\/","url":"https:\/\/www.LEDclusive.de\/blog\/tech-mail-maerz-2016-light-building\/","name":"Tech-Mail M\u00e4rz 2016 - Bericht ETP2016 und LEDclusive.de auf L&B","isPartOf":{"@id":"https:\/\/www.LEDclusive.de\/blog\/#website"},"primaryImageOfPage":{"@id":"https:\/\/www.LEDclusive.de\/blog\/tech-mail-maerz-2016-light-building\/#primaryimage"},"image":{"@id":"https:\/\/www.LEDclusive.de\/blog\/tech-mail-maerz-2016-light-building\/#primaryimage"},"thumbnailUrl":"https:\/\/www.ledclusive.de\/vt\/\/test\/upload\/images\/Speeches-Asensetek-LuB.png","datePublished":"2016-03-08T21:23:04+00:00","dateModified":"2025-05-07T07:22:41+00:00","description":"Schon mal nachgedacht, wie komplex Stra\u00dfenleuchten und deren Betrieb ist? Wir berichten von unserer Teilnahme am 15. ETP Congress f\u00fcr Stra\u00dfenbeleuchtung","breadcrumb":{"@id":"https:\/\/www.LEDclusive.de\/blog\/tech-mail-maerz-2016-light-building\/#breadcrumb"},"inLanguage":"de","potentialAction":[{"@type":"ReadAction","target":["https:\/\/www.LEDclusive.de\/blog\/tech-mail-maerz-2016-light-building\/"]}]},{"@type":"ImageObject","inLanguage":"de","@id":"https:\/\/www.LEDclusive.de\/blog\/tech-mail-maerz-2016-light-building\/#primaryimage","url":"https:\/\/www.ledclusive.de\/vt\/\/test\/upload\/images\/Speeches-Asensetek-LuB.png","contentUrl":"https:\/\/www.ledclusive.de\/vt\/\/test\/upload\/images\/Speeches-Asensetek-LuB.png"},{"@type":"BreadcrumbList","@id":"https:\/\/www.LEDclusive.de\/blog\/tech-mail-maerz-2016-light-building\/#breadcrumb","itemListElement":[{"@type":"ListItem","position":1,"name":"Startseite","item":"https:\/\/www.LEDclusive.de\/blog\/"},{"@type":"ListItem","position":2,"name":"Tech-Mail M\u00e4rz 2016 &#8211; Bericht ETP2016 und LEDclusive.de auf L&#038;B"}]},{"@type":"WebSite","@id":"https:\/\/www.LEDclusive.de\/blog\/#website","url":"https:\/\/www.LEDclusive.de\/blog\/","name":"LED Blog zum LED Fachhandel","description":"Fachbeitr\u00e4ge rund um LED Produkte - F\u00fcr Sie ausgesucht und getestet","publisher":{"@id":"https:\/\/www.LEDclusive.de\/blog\/#organization"},"potentialAction":[{"@type":"SearchAction","target":{"@type":"EntryPoint","urlTemplate":"https:\/\/www.LEDclusive.de\/blog\/?s={search_term_string}"},"query-input":{"@type":"PropertyValueSpecification","valueRequired":true,"valueName":"search_term_string"}}],"inLanguage":"de"},{"@type":"Organization","@id":"https:\/\/www.LEDclusive.de\/blog\/#organization","name":"LEDclusive.de","alternateName":"LEDclusive.de - LED-Shop mit Know-How","url":"https:\/\/www.LEDclusive.de\/blog\/","logo":{"@type":"ImageObject","inLanguage":"de","@id":"https:\/\/www.LEDclusive.de\/blog\/#\/schema\/logo\/image\/","url":"https:\/\/www.LEDclusive.de\/blog\/wp-content\/uploads\/2021\/01\/led-shop-logo.jpg","contentUrl":"https:\/\/www.LEDclusive.de\/blog\/wp-content\/uploads\/2021\/01\/led-shop-logo.jpg","width":213,"height":52,"caption":"LEDclusive.de"},"image":{"@id":"https:\/\/www.LEDclusive.de\/blog\/#\/schema\/logo\/image\/"},"sameAs":["https:\/\/www.facebook.com\/led.shop.LEDclusive\/","https:\/\/x.com\/LED_Profi","https:\/\/www.linkedin.com\/company\/ledclusive.de","https:\/\/www.youtube.com\/channel\/UCglV4it-pBv1cOMe81cugkg"]},{"@type":"Person","@id":"https:\/\/www.LEDclusive.de\/blog\/#\/schema\/person\/89f198134d7947eaccd2a3d17ebc7c5c","name":"Tom Reichelt","image":{"@type":"ImageObject","inLanguage":"de","@id":"https:\/\/secure.gravatar.com\/avatar\/5dae5783e6ee4d38e3481aae983d1bbff5f27fb4bb40594616f4655092fd6719?s=96&d=mm&r=g","url":"https:\/\/secure.gravatar.com\/avatar\/5dae5783e6ee4d38e3481aae983d1bbff5f27fb4bb40594616f4655092fd6719?s=96&d=mm&r=g","contentUrl":"https:\/\/secure.gravatar.com\/avatar\/5dae5783e6ee4d38e3481aae983d1bbff5f27fb4bb40594616f4655092fd6719?s=96&d=mm&r=g","caption":"Tom Reichelt"},"description":"Inhaber des LED Shop LEDclusive.de sowie t\u00e4tig als LED Projektberater und Referent.","sameAs":["https:\/\/www.ledclusive.de","https:\/\/www.facebook.com\/led.shop.LEDclusive","https:\/\/x.com\/LED_Profi"],"url":"https:\/\/www.LEDclusive.de\/blog\/author\/admin\/"}]}},"_links":{"self":[{"href":"https:\/\/www.LEDclusive.de\/blog\/wp-json\/wp\/v2\/posts\/1684","targetHints":{"allow":["GET"]}}],"collection":[{"href":"https:\/\/www.LEDclusive.de\/blog\/wp-json\/wp\/v2\/posts"}],"about":[{"href":"https:\/\/www.LEDclusive.de\/blog\/wp-json\/wp\/v2\/types\/post"}],"author":[{"embeddable":true,"href":"https:\/\/www.LEDclusive.de\/blog\/wp-json\/wp\/v2\/users\/1"}],"replies":[{"embeddable":true,"href":"https:\/\/www.LEDclusive.de\/blog\/wp-json\/wp\/v2\/comments?post=1684"}],"version-history":[{"count":24,"href":"https:\/\/www.LEDclusive.de\/blog\/wp-json\/wp\/v2\/posts\/1684\/revisions"}],"predecessor-version":[{"id":20353,"href":"https:\/\/www.LEDclusive.de\/blog\/wp-json\/wp\/v2\/posts\/1684\/revisions\/20353"}],"wp:attachment":[{"href":"https:\/\/www.LEDclusive.de\/blog\/wp-json\/wp\/v2\/media?parent=1684"}],"wp:term":[{"taxonomy":"category","embeddable":true,"href":"https:\/\/www.LEDclusive.de\/blog\/wp-json\/wp\/v2\/categories?post=1684"},{"taxonomy":"post_tag","embeddable":true,"href":"https:\/\/www.LEDclusive.de\/blog\/wp-json\/wp\/v2\/tags?post=1684"}],"curies":[{"name":"wp","href":"https:\/\/api.w.org\/{rel}","templated":true}]}}